{
    "id": 15445,
    "date": "2023-02-03T04:21:38",
    "date_gmt": "2023-02-03T04:21:38",
    "guid": {
        "rendered": "https:\/\/hotelalone.travelerwp.com\/?page_id=15445"
    },
    "modified": "2025-01-14T09:01:13",
    "modified_gmt": "2025-01-14T09:01:13",
    "slug": "tourisme",
    "status": "publish",
    "type": "page",
    "link": "http:\/\/www.latourenseine.fr\/en\/tourisme\/",
    "title": {
        "rendered": "Tourism"
    },
    "content": {
        "rendered": "<div data-elementor-type=\"wp-page\" data-elementor-id=\"15445\" class=\"elementor elementor-15445\">\n\t\t\t\t<div class=\"elementor-element elementor-element-6b49a678 animated-slow e-flex e-con-boxed elementor-invisible e-con e-parent\" data-id=\"6b49a678\" data-element_type=\"container\" data-settings=\"{&quot;background_background&quot;:&quot;classic&quot;,&quot;animation&quot;:&quot;fadeIn&quot;,&quot;animation_delay&quot;:0}\">\n\t\t\t\t\t<div class=\"e-con-inner\">\n\t\t\t\t<div class=\"elementor-element elementor-element-641dbdb4 elementor-invisible elementor-widget elementor-widget-heading\" data-id=\"641dbdb4\" data-element_type=\"widget\" data-settings=\"{&quot;_animation&quot;:&quot;fadeInDown&quot;,&quot;_animation_delay&quot;:0}\" data-widget_type=\"heading.default\">\n\t\t\t\t<div class=\"elementor-widget-container\">\n\t\t\t<h2 class=\"elementor-heading-title elementor-size-default\">Tourism<\/h2>\t\t<\/div>\n\t\t\t\t<\/div>\n\t\t\t\t\t<\/div>\n\t\t\t\t<\/div>\n\t\t<div class=\"elementor-element elementor-element-649d3fe animated-slow e-flex e-con-boxed elementor-invisible e-con e-parent\" data-id=\"649d3fe\" data-element_type=\"container\" data-settings=\"{&quot;animation&quot;:&quot;fadeIn&quot;,&quot;animation_delay&quot;:0}\">\n\t\t\t\t\t<div class=\"e-con-inner\">\n\t\t\t\t<div class=\"elementor-element elementor-element-9f29d15 elementor-widget__width-initial elementor-invisible elementor-widget elementor-widget-heading\" data-id=\"9f29d15\" data-element_type=\"widget\" data-settings=\"{&quot;_animation&quot;:&quot;fadeInUp&quot;}\" data-widget_type=\"heading.default\">\n\t\t\t\t<div class=\"elementor-widget-container\">\n\t\t\t<h2 class=\"elementor-heading-title elementor-size-default\">Our top destinations less than 30 minutes from La Tour en Seine<\/h2>\t\t<\/div>\n\t\t\t\t<\/div>\n\t\t\t\t\t<\/div>\n\t\t\t\t<\/div>\n\t\t<div class=\"elementor-element elementor-element-46a862a animated-slow e-flex e-con-boxed elementor-invisible e-con e-parent\" data-id=\"46a862a\" data-element_type=\"container\" data-settings=\"{&quot;animation&quot;:&quot;fadeIn&quot;}\">\n\t\t\t\t\t<div class=\"e-con-inner\">\n\t\t<div class=\"elementor-element elementor-element-d2e0703 e-con-full e-flex e-con e-child\" data-id=\"d2e0703\" data-element_type=\"container\">\n\t\t\t\t<div class=\"elementor-element elementor-element-075a638 animated-slow elementor-invisible elementor-widget elementor-widget-image\" data-id=\"075a638\" data-element_type=\"widget\" data-settings=\"{&quot;_animation&quot;:&quot;fadeIn&quot;,&quot;_animation_delay&quot;:0}\" data-widget_type=\"image.default\">\n\t\t\t\t<div class=\"elementor-widget-container\">\n\t\t\t\t\t\t\t\t\t\t\t\t\t<img fetchpriority=\"high\" decoding=\"async\" width=\"612\" height=\"408\" src=\"https:\/\/www.latourenseine.fr\/wp-content\/uploads\/2023\/12\/Rouen.jpg\" class=\"attachment-full size-full wp-image-16830\" alt=\"\" srcset=\"https:\/\/www.latourenseine.fr\/wp-content\/uploads\/2023\/12\/Rouen.jpg 612w, https:\/\/www.latourenseine.fr\/wp-content\/uploads\/2023\/12\/Rouen-768x512.jpg 768w, https:\/\/www.latourenseine.fr\/wp-content\/uploads\/2023\/12\/Rouen-18x12.jpg 18w, https:\/\/www.latourenseine.fr\/wp-content\/uploads\/2023\/12\/elementor\/thumbs\/Rouen-600x400.jpg 600w\" sizes=\"(max-width: 612px) 100vw, 612px\" \/>\t\t\t\t\t\t\t\t\t\t\t\t\t<\/div>\n\t\t\t\t<\/div>\n\t\t\t\t<\/div>\n\t\t<div class=\"elementor-element elementor-element-49611ce e-con-full elementor-hidden-tablet elementor-hidden-mobile e-flex e-con e-child\" data-id=\"49611ce\" data-element_type=\"container\">\n\t\t\t\t<\/div>\n\t\t<div class=\"elementor-element elementor-element-2699d5d e-con-full e-flex elementor-invisible e-con e-child\" data-id=\"2699d5d\" data-element_type=\"container\" data-settings=\"{&quot;animation&quot;:&quot;fadeIn&quot;,&quot;animation_delay&quot;:100}\">\n\t\t\t\t<div class=\"elementor-element elementor-element-e8c2c8b animated-slow elementor-invisible elementor-widget elementor-widget-heading\" data-id=\"e8c2c8b\" data-element_type=\"widget\" data-settings=\"{&quot;_animation&quot;:&quot;fadeIn&quot;,&quot;_animation_delay&quot;:100}\" data-widget_type=\"heading.default\">\n\t\t\t\t<div class=\"elementor-widget-container\">\n\t\t\t<h2 class=\"elementor-heading-title elementor-size-default\"><a href=\"https:\/\/www.visiterouen.com\/inspirations\/visiter-rouen-sans-voiture\/\" target=\"_blank\">ROUEN<\/a><\/h2>\t\t<\/div>\n\t\t\t\t<\/div>\n\t\t\t\t<div class=\"elementor-element elementor-element-753c0dc animated-slow elementor-invisible elementor-widget elementor-widget-heading\" data-id=\"753c0dc\" data-element_type=\"widget\" data-settings=\"{&quot;_animation&quot;:&quot;fadeIn&quot;,&quot;_animation_delay&quot;:200}\" data-widget_type=\"heading.default\">\n\t\t\t\t<div class=\"elementor-widget-container\">\n\t\t\t<div class=\"elementor-heading-title elementor-size-default\"><a href=\"https:\/\/www.cirkwi.com\/fr\/circuit\/49076-balade-dans-le-centre-historique-de-rouen\" target=\"_blank\">A walk through Rouen's historic center<\/a><\/div>\t\t<\/div>\n\t\t\t\t<\/div>\n\t\t\t\t<div class=\"elementor-element elementor-element-aa6320a animated-slow elementor-invisible elementor-widget elementor-widget-text-editor\" data-id=\"aa6320a\" data-element_type=\"widget\" data-settings=\"{&quot;_animation&quot;:&quot;fadeIn&quot;,&quot;_animation_delay&quot;:300}\" data-widget_type=\"text-editor.default\">\n\t\t\t\t<div class=\"elementor-widget-container\">\n\t\t\t\t\t\t\t<p>You don\u2019t need to have a license to visit Rouen! Its historic city center, mostly pedestrian, can very easily be walked without a car. Stroll from theplace du Vieux-March\u00e9 to the quartier des Antiquaires, via the Gros-Horloge(1st pedestrian street created in France) and the Cathedral of Notre-Dame in a few minutes. Whether you want to shop, look for a nice restaurant or just want to admire the city and its architecture, it\u2019s all possible on foot!<\/p>\t\t\t\t\t\t<\/div>\n\t\t\t\t<\/div>\n\t\t\t\t<\/div>\n\t\t\t\t\t<\/div>\n\t\t\t\t<\/div>\n\t\t<div class=\"elementor-element elementor-element-989dc86 e-flex e-con-boxed e-con e-parent\" data-id=\"989dc86\" data-element_type=\"container\">\n\t\t\t\t\t<div class=\"e-con-inner\">\n\t\t\t\t<div class=\"elementor-element elementor-element-e25dfca animated-slow elementor-widget-divider--view-line elementor-invisible elementor-widget elementor-widget-divider\" data-id=\"e25dfca\" data-element_type=\"widget\" data-settings=\"{&quot;_animation&quot;:&quot;fadeIn&quot;}\" data-widget_type=\"divider.default\">\n\t\t\t\t<div class=\"elementor-widget-container\">\n\t\t\t\t\t<div class=\"elementor-divider\">\n\t\t\t<span class=\"elementor-divider-separator\">\n\t\t\t\t\t\t<\/span>\n\t\t<\/div>\n\t\t\t\t<\/div>\n\t\t\t\t<\/div>\n\t\t\t\t\t<\/div>\n\t\t\t\t<\/div>\n\t\t<div class=\"elementor-element elementor-element-8049dfa animated-slow e-flex e-con-boxed elementor-invisible e-con e-parent\" data-id=\"8049dfa\" data-element_type=\"container\" data-settings=\"{&quot;animation&quot;:&quot;fadeIn&quot;}\">\n\t\t\t\t\t<div class=\"e-con-inner\">\n\t\t<div class=\"elementor-element elementor-element-d0e4f73 e-con-full e-flex elementor-invisible e-con e-child\" data-id=\"d0e4f73\" data-element_type=\"container\" data-settings=\"{&quot;animation&quot;:&quot;fadeIn&quot;,&quot;animation_delay&quot;:100}\">\n\t\t\t\t<div class=\"elementor-element elementor-element-162fc51 animated-slow elementor-widget elementor-widget-heading\" data-id=\"162fc51\" data-element_type=\"widget\" data-settings=\"{&quot;_animation&quot;:&quot;none&quot;,&quot;_animation_delay&quot;:100}\" data-widget_type=\"heading.default\">\n\t\t\t\t<div class=\"elementor-widget-container\">\n\t\t\t<h2 class=\"elementor-heading-title elementor-size-default\">Base de Loisir Lery-Pose<\/h2>\t\t<\/div>\n\t\t\t\t<\/div>\n\t\t\t\t<div class=\"elementor-element elementor-element-6e62335 elementor-invisible elementor-widget elementor-widget-heading\" data-id=\"6e62335\" data-element_type=\"widget\" data-settings=\"{&quot;_animation&quot;:&quot;fadeIn&quot;,&quot;_animation_delay&quot;:200}\" data-widget_type=\"heading.default\">\n\t\t\t\t<div class=\"elementor-widget-container\">\n\t\t\t<div class=\"elementor-heading-title elementor-size-default\">Come and visit the leisure park - L\u00e9ry Poses in Normandy<\/div>\t\t<\/div>\n\t\t\t\t<\/div>\n\t\t\t\t<div class=\"elementor-element elementor-element-559ef85 animated-slow elementor-invisible elementor-widget elementor-widget-text-editor\" data-id=\"559ef85\" data-element_type=\"widget\" data-settings=\"{&quot;_animation&quot;:&quot;fadeIn&quot;,&quot;_animation_delay&quot;:300}\" data-widget_type=\"text-editor.default\">\n\t\t\t\t<div class=\"elementor-widget-container\">\n\t\t\t\t\t\t\t<p>The Lac des Deux Amants is a refreshing oasis for swimming and water sports. Shallow and ideal for young children, the water can reach 25 degrees in summer. The whole family can enjoy the 2 fine sandy beaches with lifeguard surveillance in July and August, the lush green lawns for lazing around, the launching zones, the petanque courts, the volleyball court, as well as the hire of stand-up paddle boards, canoes, pedalos, windsurfing boards, catamarans, electric boats (5 places) and mini-golf.<\/p>\t\t\t\t\t\t<\/div>\n\t\t\t\t<\/div>\n\t\t\t\t<\/div>\n\t\t<div class=\"elementor-element elementor-element-4d1f345 e-con-full elementor-hidden-tablet elementor-hidden-mobile e-flex e-con e-child\" data-id=\"4d1f345\" data-element_type=\"container\">\n\t\t\t\t<\/div>\n\t\t<div class=\"elementor-element elementor-element-61f01df e-con-full e-flex e-con e-child\" data-id=\"61f01df\" data-element_type=\"container\">\n\t\t\t\t<div class=\"elementor-element elementor-element-055164e animated-slow elementor-invisible elementor-widget elementor-widget-image\" data-id=\"055164e\" data-element_type=\"widget\" data-settings=\"{&quot;_animation&quot;:&quot;fadeIn&quot;,&quot;_animation_delay&quot;:400}\" data-widget_type=\"image.default\">\n\t\t\t\t<div class=\"elementor-widget-container\">\n\t\t\t\t\t\t\t\t\t\t\t\t\t<img decoding=\"async\" width=\"740\" height=\"555\" src=\"https:\/\/www.latourenseine.fr\/wp-content\/uploads\/2024\/01\/Lery_pose.jpg\" class=\"attachment-full size-full wp-image-17180\" alt=\"\" srcset=\"https:\/\/www.latourenseine.fr\/wp-content\/uploads\/2024\/01\/Lery_pose.jpg 740w, https:\/\/www.latourenseine.fr\/wp-content\/uploads\/2024\/01\/Lery_pose-768x576.jpg 768w, https:\/\/www.latourenseine.fr\/wp-content\/uploads\/2024\/01\/Lery_pose-600x450.jpg 600w\" sizes=\"(max-width: 740px) 100vw, 740px\" \/>\t\t\t\t\t\t\t\t\t\t\t\t\t<\/div>\n\t\t\t\t<\/div>\n\t\t\t\t<\/div>\n\t\t\t\t\t<\/div>\n\t\t\t\t<\/div>\n\t\t<div class=\"elementor-element elementor-element-f5680ed e-flex e-con-boxed e-con e-parent\" data-id=\"f5680ed\" data-element_type=\"container\">\n\t\t\t\t\t<div class=\"e-con-inner\">\n\t\t\t\t<div class=\"elementor-element elementor-element-d177b1d elementor-widget-divider--view-line elementor-widget elementor-widget-divider\" data-id=\"d177b1d\" data-element_type=\"widget\" data-widget_type=\"divider.default\">\n\t\t\t\t<div class=\"elementor-widget-container\">\n\t\t\t\t\t<div class=\"elementor-divider\">\n\t\t\t<span class=\"elementor-divider-separator\">\n\t\t\t\t\t\t<\/span>\n\t\t<\/div>\n\t\t\t\t<\/div>\n\t\t\t\t<\/div>\n\t\t\t\t\t<\/div>\n\t\t\t\t<\/div>\n\t\t<div class=\"elementor-element elementor-element-9472408 e-flex e-con-boxed e-con e-parent\" data-id=\"9472408\" data-element_type=\"container\">\n\t\t\t\t\t<div class=\"e-con-inner\">\n\t\t<div class=\"elementor-element elementor-element-f5440d6 e-con-full animated-slow e-flex elementor-invisible e-con e-child\" data-id=\"f5440d6\" data-element_type=\"container\" data-settings=\"{&quot;animation&quot;:&quot;fadeIn&quot;}\">\n\t\t\t\t<div class=\"elementor-element elementor-element-0e1e32d animated-slow elementor-invisible elementor-widget elementor-widget-image\" data-id=\"0e1e32d\" data-element_type=\"widget\" data-settings=\"{&quot;_animation&quot;:&quot;fadeIn&quot;}\" data-widget_type=\"image.default\">\n\t\t\t\t<div class=\"elementor-widget-container\">\n\t\t\t\t\t\t\t\t\t\t\t\t\t<img decoding=\"async\" width=\"640\" height=\"426\" src=\"https:\/\/www.latourenseine.fr\/wp-content\/uploads\/2024\/01\/Pont-de-larche-2.jpg\" class=\"attachment-full size-full wp-image-17152\" alt=\"\" srcset=\"https:\/\/www.latourenseine.fr\/wp-content\/uploads\/2024\/01\/Pont-de-larche-2.jpg 640w, https:\/\/www.latourenseine.fr\/wp-content\/uploads\/2024\/01\/Pont-de-larche-2-768x511.jpg 768w, https:\/\/www.latourenseine.fr\/wp-content\/uploads\/2024\/01\/Pont-de-larche-2-18x12.jpg 18w, https:\/\/www.latourenseine.fr\/wp-content\/uploads\/2024\/01\/Pont-de-larche-2-600x399.jpg 600w\" sizes=\"(max-width: 640px) 100vw, 640px\" \/>\t\t\t\t\t\t\t\t\t\t\t\t\t<\/div>\n\t\t\t\t<\/div>\n\t\t\t\t<\/div>\n\t\t<div class=\"elementor-element elementor-element-b804448 e-con-full elementor-hidden-tablet elementor-hidden-mobile e-flex e-con e-child\" data-id=\"b804448\" data-element_type=\"container\">\n\t\t\t\t<\/div>\n\t\t<div class=\"elementor-element elementor-element-baceb21 e-con-full animated-slow e-flex elementor-invisible e-con e-child\" data-id=\"baceb21\" data-element_type=\"container\" data-settings=\"{&quot;animation&quot;:&quot;fadeIn&quot;,&quot;animation_delay&quot;:100}\">\n\t\t\t\t<div class=\"elementor-element elementor-element-ab178d5 animated-slow elementor-invisible elementor-widget elementor-widget-heading\" data-id=\"ab178d5\" data-element_type=\"widget\" data-settings=\"{&quot;_animation&quot;:&quot;fadeIn&quot;,&quot;_animation_delay&quot;:100}\" data-widget_type=\"heading.default\">\n\t\t\t\t<div class=\"elementor-widget-container\">\n\t\t\t<h2 class=\"elementor-heading-title elementor-size-default\">Pont-de-l'Arche<\/h2>\t\t<\/div>\n\t\t\t\t<\/div>\n\t\t\t\t<div class=\"elementor-element elementor-element-79e340d animated-slow elementor-invisible elementor-widget elementor-widget-heading\" data-id=\"79e340d\" data-element_type=\"widget\" data-settings=\"{&quot;_animation&quot;:&quot;fadeIn&quot;,&quot;_animation_delay&quot;:200}\" data-widget_type=\"heading.default\">\n\t\t\t\t<div class=\"elementor-widget-container\">\n\t\t\t<div class=\"elementor-heading-title elementor-size-default\"><a href=\"https:\/\/www.tourisme-seine-eure.com\/experiences\/pont-de-larche-medievale\/\" target=\"_blank\">A treasure trove for medieval enthusiasts<\/a><\/div>\t\t<\/div>\n\t\t\t\t<\/div>\n\t\t\t\t<div class=\"elementor-element elementor-element-bd39f8d animated-slow elementor-invisible elementor-widget elementor-widget-text-editor\" data-id=\"bd39f8d\" data-element_type=\"widget\" data-settings=\"{&quot;_animation&quot;:&quot;fadeIn&quot;,&quot;_animation_delay&quot;:300}\" data-widget_type=\"text-editor.default\">\n\t\t\t\t<div class=\"elementor-widget-container\">\n\t\t\t\t\t\t\t<p><span style=\"color: #444444; font-family: Heebo, sans-serif; font-size: 18px;\">A town with many heritage sites located 15 kilometres (9 miles) north of Louviers, Pont de l&#8217;Arche has preserved important remains of its fortification wall and ditches. Along the little streets, admire the authentic Norman half-timbered houses, the Notre-Dame-des-Arts Church, etc. Numerous buildings and houses testify to the town&#8217;s former administrative, judicial, military and religious role; and travel back in time from the Middle Ages to the Renaissance.<\/span><\/p>\t\t\t\t\t\t<\/div>\n\t\t\t\t<\/div>\n\t\t\t\t<\/div>\n\t\t\t\t\t<\/div>\n\t\t\t\t<\/div>\n\t\t<div class=\"elementor-element elementor-element-45ac33d e-flex e-con-boxed e-con e-parent\" data-id=\"45ac33d\" data-element_type=\"container\">\n\t\t\t\t\t<div class=\"e-con-inner\">\n\t\t\t\t<div class=\"elementor-element elementor-element-86fad3f elementor-widget-divider--view-line elementor-widget elementor-widget-divider\" data-id=\"86fad3f\" data-element_type=\"widget\" data-widget_type=\"divider.default\">\n\t\t\t\t<div class=\"elementor-widget-container\">\n\t\t\t\t\t<div class=\"elementor-divider\">\n\t\t\t<span class=\"elementor-divider-separator\">\n\t\t\t\t\t\t<\/span>\n\t\t<\/div>\n\t\t\t\t<\/div>\n\t\t\t\t<\/div>\n\t\t\t\t\t<\/div>\n\t\t\t\t<\/div>\n\t\t<div class=\"elementor-element elementor-element-ecd4ef0 animated-slow e-flex e-con-boxed elementor-invisible e-con e-parent\" data-id=\"ecd4ef0\" data-element_type=\"container\" data-settings=\"{&quot;animation&quot;:&quot;fadeIn&quot;}\">\n\t\t\t\t\t<div class=\"e-con-inner\">\n\t\t<div class=\"elementor-element elementor-element-07078bd e-con-full e-flex elementor-invisible e-con e-child\" data-id=\"07078bd\" data-element_type=\"container\" data-settings=\"{&quot;animation&quot;:&quot;fadeIn&quot;,&quot;animation_delay&quot;:100}\">\n\t\t\t\t<div class=\"elementor-element elementor-element-2568519 animated-slow elementor-widget elementor-widget-heading\" data-id=\"2568519\" data-element_type=\"widget\" data-settings=\"{&quot;_animation&quot;:&quot;none&quot;,&quot;_animation_delay&quot;:100}\" data-widget_type=\"heading.default\">\n\t\t\t\t<div class=\"elementor-widget-container\">\n\t\t\t<h2 class=\"elementor-heading-title elementor-size-default\">Golf PGA France du Vaudreuil<\/h2>\t\t<\/div>\n\t\t\t\t<\/div>\n\t\t\t\t<div class=\"elementor-element elementor-element-dcc18ff elementor-invisible elementor-widget elementor-widget-heading\" data-id=\"dcc18ff\" data-element_type=\"widget\" data-settings=\"{&quot;_animation&quot;:&quot;fadeIn&quot;,&quot;_animation_delay&quot;:200}\" data-widget_type=\"heading.default\">\n\t\t\t\t<div class=\"elementor-widget-container\">\n\t\t\t<div class=\"elementor-heading-title elementor-size-default\">Are you passionate about golf?<\/div>\t\t<\/div>\n\t\t\t\t<\/div>\n\t\t\t\t<div class=\"elementor-element elementor-element-2ce9f7a animated-slow elementor-invisible elementor-widget elementor-widget-text-editor\" data-id=\"2ce9f7a\" data-element_type=\"widget\" data-settings=\"{&quot;_animation&quot;:&quot;fadeIn&quot;,&quot;_animation_delay&quot;:300}\" data-widget_type=\"text-editor.default\">\n\t\t\t\t<div class=\"elementor-widget-container\">\n\t\t\t\t\t\t\t<p>Welcome to the Golf du Vaudreuil, the place to be for all golf enthusiasts for a round, a weekend or an extended stay in Normandy.<br \/>Just 45 minutes from Paris, on the banks of the Seine, this is one of the finest 18-hole courses in France and one of the few with PGA accreditation, hosting a Challenge Tour event every summer.<br \/>The most demanding golfers will appreciate the top-of-the-range facilities and the perfect upkeep of the course. Others will enjoy the exceptional setting and improve their skills at the Golf Court Academy or on one of the many other training facilities.<\/p>\t\t\t\t\t\t<\/div>\n\t\t\t\t<\/div>\n\t\t\t\t<\/div>\n\t\t<div class=\"elementor-element elementor-element-6186bd2 e-con-full elementor-hidden-tablet elementor-hidden-mobile e-flex e-con e-child\" data-id=\"6186bd2\" data-element_type=\"container\">\n\t\t\t\t<\/div>\n\t\t<div class=\"elementor-element elementor-element-6c6a5a4 e-con-full e-flex e-con e-child\" data-id=\"6c6a5a4\" data-element_type=\"container\">\n\t\t\t\t<div class=\"elementor-element elementor-element-6fa782c animated-slow elementor-invisible elementor-widget elementor-widget-image\" data-id=\"6fa782c\" data-element_type=\"widget\" data-settings=\"{&quot;_animation&quot;:&quot;fadeIn&quot;,&quot;_animation_delay&quot;:400}\" data-widget_type=\"image.default\">\n\t\t\t\t<div class=\"elementor-widget-container\">\n\t\t\t\t\t\t\t\t\t\t\t\t\t<img loading=\"lazy\" decoding=\"async\" width=\"740\" height=\"555\" src=\"https:\/\/www.latourenseine.fr\/wp-content\/uploads\/2024\/01\/Golf_vaudreuil.jpg\" class=\"attachment-full size-full wp-image-17179\" alt=\"\" srcset=\"https:\/\/www.latourenseine.fr\/wp-content\/uploads\/2024\/01\/Golf_vaudreuil.jpg 740w, https:\/\/www.latourenseine.fr\/wp-content\/uploads\/2024\/01\/Golf_vaudreuil-768x576.jpg 768w, https:\/\/www.latourenseine.fr\/wp-content\/uploads\/2024\/01\/Golf_vaudreuil-600x450.jpg 600w\" sizes=\"(max-width: 740px) 100vw, 740px\" \/>\t\t\t\t\t\t\t\t\t\t\t\t\t<\/div>\n\t\t\t\t<\/div>\n\t\t\t\t<\/div>\n\t\t\t\t\t<\/div>\n\t\t\t\t<\/div>\n\t\t<div class=\"elementor-element elementor-element-880ceb8 e-flex e-con-boxed e-con e-parent\" data-id=\"880ceb8\" data-element_type=\"container\">\n\t\t\t\t\t<div class=\"e-con-inner\">\n\t\t\t\t<div class=\"elementor-element elementor-element-c8b12b3 elementor-widget-divider--view-line elementor-widget elementor-widget-divider\" data-id=\"c8b12b3\" data-element_type=\"widget\" data-widget_type=\"divider.default\">\n\t\t\t\t<div class=\"elementor-widget-container\">\n\t\t\t\t\t<div class=\"elementor-divider\">\n\t\t\t<span class=\"elementor-divider-separator\">\n\t\t\t\t\t\t<\/span>\n\t\t<\/div>\n\t\t\t\t<\/div>\n\t\t\t\t<\/div>\n\t\t\t\t\t<\/div>\n\t\t\t\t<\/div>\n\t\t<div class=\"elementor-element elementor-element-5a4caab e-flex e-con-boxed e-con e-parent\" data-id=\"5a4caab\" data-element_type=\"container\">\n\t\t\t\t\t<div class=\"e-con-inner\">\n\t\t<div class=\"elementor-element elementor-element-b5d95a0 e-con-full animated-slow e-flex elementor-invisible e-con e-child\" data-id=\"b5d95a0\" data-element_type=\"container\" data-settings=\"{&quot;animation&quot;:&quot;fadeIn&quot;}\">\n\t\t\t\t<div class=\"elementor-element elementor-element-4bd8f74 animated-slow elementor-invisible elementor-widget elementor-widget-image\" data-id=\"4bd8f74\" data-element_type=\"widget\" data-settings=\"{&quot;_animation&quot;:&quot;fadeIn&quot;}\" data-widget_type=\"image.default\">\n\t\t\t\t<div class=\"elementor-widget-container\">\n\t\t\t\t\t\t\t\t\t\t\t\t\t<img loading=\"lazy\" decoding=\"async\" width=\"961\" height=\"640\" src=\"https:\/\/www.latourenseine.fr\/wp-content\/uploads\/2024\/01\/andelys-chateau-gaillard.jpg\" class=\"attachment-full size-full wp-image-17183\" alt=\"\" srcset=\"https:\/\/www.latourenseine.fr\/wp-content\/uploads\/2024\/01\/andelys-chateau-gaillard.jpg 961w, https:\/\/www.latourenseine.fr\/wp-content\/uploads\/2024\/01\/andelys-chateau-gaillard-768x511.jpg 768w, https:\/\/www.latourenseine.fr\/wp-content\/uploads\/2024\/01\/andelys-chateau-gaillard-18x12.jpg 18w, https:\/\/www.latourenseine.fr\/wp-content\/uploads\/2024\/01\/andelys-chateau-gaillard-600x399.jpg 600w\" sizes=\"(max-width: 961px) 100vw, 961px\" \/>\t\t\t\t\t\t\t\t\t\t\t\t\t<\/div>\n\t\t\t\t<\/div>\n\t\t\t\t<\/div>\n\t\t<div class=\"elementor-element elementor-element-106babd e-con-full elementor-hidden-tablet elementor-hidden-mobile e-flex e-con e-child\" data-id=\"106babd\" data-element_type=\"container\">\n\t\t\t\t<\/div>\n\t\t<div class=\"elementor-element elementor-element-b35d5fd e-con-full animated-slow e-flex elementor-invisible e-con e-child\" data-id=\"b35d5fd\" data-element_type=\"container\" data-settings=\"{&quot;animation&quot;:&quot;fadeIn&quot;,&quot;animation_delay&quot;:100}\">\n\t\t\t\t<div class=\"elementor-element elementor-element-5a72f7f animated-slow elementor-invisible elementor-widget elementor-widget-heading\" data-id=\"5a72f7f\" data-element_type=\"widget\" data-settings=\"{&quot;_animation&quot;:&quot;fadeIn&quot;,&quot;_animation_delay&quot;:100}\" data-widget_type=\"heading.default\">\n\t\t\t\t<div class=\"elementor-widget-container\">\n\t\t\t<h2 class=\"elementor-heading-title elementor-size-default\">ch\u00e2teau Gaillard & Les Andelys <\/h2>\t\t<\/div>\n\t\t\t\t<\/div>\n\t\t\t\t<div class=\"elementor-element elementor-element-ebcc160 animated-slow elementor-invisible elementor-widget elementor-widget-heading\" data-id=\"ebcc160\" data-element_type=\"widget\" data-settings=\"{&quot;_animation&quot;:&quot;fadeIn&quot;,&quot;_animation_delay&quot;:200}\" data-widget_type=\"heading.default\">\n\t\t\t\t<div class=\"elementor-widget-container\">\n\t\t\t<div class=\"elementor-heading-title elementor-size-default\"><a href=\"https:\/\/www.tourisme-seine-eure.com\/experiences\/pont-de-larche-medievale\/\" target=\"_blank\">A treasure trove for medieval enthusiasts<\/a><\/div>\t\t<\/div>\n\t\t\t\t<\/div>\n\t\t\t\t<div class=\"elementor-element elementor-element-7377278 animated-slow elementor-invisible elementor-widget elementor-widget-text-editor\" data-id=\"7377278\" data-element_type=\"widget\" data-settings=\"{&quot;_animation&quot;:&quot;fadeIn&quot;,&quot;_animation_delay&quot;:300}\" data-widget_type=\"text-editor.default\">\n\t\t\t\t<div class=\"elementor-widget-container\">\n\t\t\t\t\t\t\t<p><span style=\"color: #444444; font-family: Heebo, sans-serif; font-size: 18px;\">A town with many heritage sites located 15 kilometres (9 miles) north of Louviers, Pont de l&#8217;Arche has preserved important remains of its fortification wall and ditches. Along the little streets, admire the authentic Norman half-timbered houses, the Notre-Dame-des-Arts Church, etc. Numerous buildings and houses testify to the town&#8217;s former administrative, judicial, military and religious role; and travel back in time from the Middle Ages to the Renaissance.<\/span><\/p>\t\t\t\t\t\t<\/div>\n\t\t\t\t<\/div>\n\t\t\t\t<\/div>\n\t\t\t\t\t<\/div>\n\t\t\t\t<\/div>\n\t\t<div class=\"elementor-element elementor-element-9438cbd e-flex e-con-boxed e-con e-parent\" data-id=\"9438cbd\" data-element_type=\"container\">\n\t\t\t\t\t<div class=\"e-con-inner\">\n\t\t\t\t<div class=\"elementor-element elementor-element-31db64d elementor-widget-divider--view-line elementor-widget elementor-widget-divider\" data-id=\"31db64d\" data-element_type=\"widget\" data-widget_type=\"divider.default\">\n\t\t\t\t<div class=\"elementor-widget-container\">\n\t\t\t\t\t<div class=\"elementor-divider\">\n\t\t\t<span class=\"elementor-divider-separator\">\n\t\t\t\t\t\t<\/span>\n\t\t<\/div>\n\t\t\t\t<\/div>\n\t\t\t\t<\/div>\n\t\t\t\t\t<\/div>\n\t\t\t\t<\/div>\n\t\t<div class=\"elementor-element elementor-element-9f2da39 animated-slow e-flex e-con-boxed elementor-invisible e-con e-parent\" data-id=\"9f2da39\" data-element_type=\"container\" data-settings=\"{&quot;animation&quot;:&quot;fadeIn&quot;}\">\n\t\t\t\t\t<div class=\"e-con-inner\">\n\t\t<div class=\"elementor-element elementor-element-c0f066b e-con-full e-flex elementor-invisible e-con e-child\" data-id=\"c0f066b\" data-element_type=\"container\" data-settings=\"{&quot;animation&quot;:&quot;fadeIn&quot;,&quot;animation_delay&quot;:100}\">\n\t\t\t\t<div class=\"elementor-element elementor-element-b9a7b5c animated-slow elementor-widget elementor-widget-heading\" data-id=\"b9a7b5c\" data-element_type=\"widget\" data-settings=\"{&quot;_animation&quot;:&quot;none&quot;,&quot;_animation_delay&quot;:100}\" data-widget_type=\"heading.default\">\n\t\t\t\t<div class=\"elementor-widget-container\">\n\t\t\t<h2 class=\"elementor-heading-title elementor-size-default\">lyons-la-for\u00eat<\/h2>\t\t<\/div>\n\t\t\t\t<\/div>\n\t\t\t\t<div class=\"elementor-element elementor-element-2ee45ea elementor-invisible elementor-widget elementor-widget-heading\" data-id=\"2ee45ea\" data-element_type=\"widget\" data-settings=\"{&quot;_animation&quot;:&quot;fadeIn&quot;,&quot;_animation_delay&quot;:200}\" data-widget_type=\"heading.default\">\n\t\t\t\t<div class=\"elementor-widget-container\">\n\t\t\t<div class=\"elementor-heading-title elementor-size-default\">Lyons-la-For\u00eat - The Most Beautiful Villages in France<\/div>\t\t<\/div>\n\t\t\t\t<\/div>\n\t\t\t\t<div class=\"elementor-element elementor-element-10a4370 animated-slow elementor-invisible elementor-widget elementor-widget-text-editor\" data-id=\"10a4370\" data-element_type=\"widget\" data-settings=\"{&quot;_animation&quot;:&quot;fadeIn&quot;,&quot;_animation_delay&quot;:300}\" data-widget_type=\"text-editor.default\">\n\t\t\t\t<div class=\"elementor-widget-container\">\n\t\t\t\t\t\t\t<p>Lyons-la-For\u00eat is one of the region&#8217;s Most Beautiful Villages in France. In the north of the Eure department, it retains the charm of the Normandy of yesteryear. Take a stroll in the green, in a picture-postcard setting.<\/p><p>The village of Lyons, classified as a Green Resort and one of the Most Beautiful Villages in France, is set in the heart of the largest forest in Normandy. The For\u00eat domaniale de Lyons-La-For\u00eat covers 11,000 hectares. So it&#8217;s the ideal destination if you want to get out in the fresh air and breathe deeply.<\/p>\t\t\t\t\t\t<\/div>\n\t\t\t\t<\/div>\n\t\t\t\t<\/div>\n\t\t<div class=\"elementor-element elementor-element-d1beb7d e-con-full elementor-hidden-tablet elementor-hidden-mobile e-flex e-con e-child\" data-id=\"d1beb7d\" data-element_type=\"container\">\n\t\t\t\t<\/div>\n\t\t<div class=\"elementor-element elementor-element-e36c3a4 e-con-full e-flex e-con e-child\" data-id=\"e36c3a4\" data-element_type=\"container\">\n\t\t\t\t<div class=\"elementor-element elementor-element-18b4fa5 animated-slow elementor-invisible elementor-widget elementor-widget-image\" data-id=\"18b4fa5\" data-element_type=\"widget\" data-settings=\"{&quot;_animation&quot;:&quot;fadeIn&quot;,&quot;_animation_delay&quot;:400}\" data-widget_type=\"image.default\">\n\t\t\t\t<div class=\"elementor-widget-container\">\n\t\t\t\t\t\t\t\t\t\t\t\t\t<img loading=\"lazy\" decoding=\"async\" width=\"740\" height=\"324\" src=\"https:\/\/www.latourenseine.fr\/wp-content\/uploads\/2024\/01\/Lyons_la_foret.jpg\" class=\"attachment-full size-full wp-image-17181\" alt=\"\" srcset=\"https:\/\/www.latourenseine.fr\/wp-content\/uploads\/2024\/01\/Lyons_la_foret.jpg 740w, https:\/\/www.latourenseine.fr\/wp-content\/uploads\/2024\/01\/Lyons_la_foret-768x336.jpg 768w, https:\/\/www.latourenseine.fr\/wp-content\/uploads\/2024\/01\/Lyons_la_foret-600x262.jpg 600w\" sizes=\"(max-width: 740px) 100vw, 740px\" \/>\t\t\t\t\t\t\t\t\t\t\t\t\t<\/div>\n\t\t\t\t<\/div>\n\t\t\t\t<\/div>\n\t\t\t\t\t<\/div>\n\t\t\t\t<\/div>\n\t\t<div class=\"elementor-element elementor-element-6887266 e-flex e-con-boxed e-con e-parent\" data-id=\"6887266\" data-element_type=\"container\">\n\t\t\t\t\t<div class=\"e-con-inner\">\n\t\t\t\t<div class=\"elementor-element elementor-element-8d06edd elementor-widget-divider--view-line elementor-widget elementor-widget-divider\" data-id=\"8d06edd\" data-element_type=\"widget\" data-widget_type=\"divider.default\">\n\t\t\t\t<div class=\"elementor-widget-container\">\n\t\t\t\t\t<div class=\"elementor-divider\">\n\t\t\t<span class=\"elementor-divider-separator\">\n\t\t\t\t\t\t<\/span>\n\t\t<\/div>\n\t\t\t\t<\/div>\n\t\t\t\t<\/div>\n\t\t\t\t\t<\/div>\n\t\t\t\t<\/div>\n\t\t<div class=\"elementor-element elementor-element-fe67371 e-flex e-con-boxed e-con e-parent\" data-id=\"fe67371\" data-element_type=\"container\">\n\t\t\t\t\t<div class=\"e-con-inner\">\n\t\t<div class=\"elementor-element elementor-element-5e22e17 e-con-full animated-slow e-flex elementor-invisible e-con e-child\" data-id=\"5e22e17\" data-element_type=\"container\" data-settings=\"{&quot;animation&quot;:&quot;fadeIn&quot;}\">\n\t\t\t\t<div class=\"elementor-element elementor-element-3796192 animated-slow elementor-invisible elementor-widget elementor-widget-image\" data-id=\"3796192\" data-element_type=\"widget\" data-settings=\"{&quot;_animation&quot;:&quot;fadeIn&quot;}\" data-widget_type=\"image.default\">\n\t\t\t\t<div class=\"elementor-widget-container\">\n\t\t\t\t\t\t\t\t\t\t\t\t\t<img loading=\"lazy\" decoding=\"async\" width=\"640\" height=\"427\" src=\"https:\/\/www.latourenseine.fr\/wp-content\/uploads\/2025\/01\/foret_monumentale.jpg\" class=\"attachment-full size-full wp-image-17816\" alt=\"\" srcset=\"https:\/\/www.latourenseine.fr\/wp-content\/uploads\/2025\/01\/foret_monumentale.jpg 640w, https:\/\/www.latourenseine.fr\/wp-content\/uploads\/2025\/01\/foret_monumentale-768x512.jpg 768w, https:\/\/www.latourenseine.fr\/wp-content\/uploads\/2025\/01\/foret_monumentale-18x12.jpg 18w, https:\/\/www.latourenseine.fr\/wp-content\/uploads\/2025\/01\/foret_monumentale-600x400.jpg 600w\" sizes=\"(max-width: 640px) 100vw, 640px\" \/>\t\t\t\t\t\t\t\t\t\t\t\t\t<\/div>\n\t\t\t\t<\/div>\n\t\t\t\t<\/div>\n\t\t<div class=\"elementor-element elementor-element-7884322 e-con-full elementor-hidden-tablet elementor-hidden-mobile e-flex e-con e-child\" data-id=\"7884322\" data-element_type=\"container\">\n\t\t\t\t<\/div>\n\t\t<div class=\"elementor-element elementor-element-933c0db e-con-full animated-slow e-flex elementor-invisible e-con e-child\" data-id=\"933c0db\" data-element_type=\"container\" data-settings=\"{&quot;animation&quot;:&quot;fadeIn&quot;,&quot;animation_delay&quot;:100}\">\n\t\t\t\t<div class=\"elementor-element elementor-element-9ca9ace animated-slow elementor-invisible elementor-widget elementor-widget-heading\" data-id=\"9ca9ace\" data-element_type=\"widget\" data-settings=\"{&quot;_animation&quot;:&quot;fadeIn&quot;,&quot;_animation_delay&quot;:100}\" data-widget_type=\"heading.default\">\n\t\t\t\t<div class=\"elementor-widget-container\">\n\t\t\t<h2 class=\"elementor-heading-title elementor-size-default\">LA FOR\u00caT MONUMENTALE<\/h2>\t\t<\/div>\n\t\t\t\t<\/div>\n\t\t\t\t<div class=\"elementor-element elementor-element-3b4f1a6 animated-slow elementor-invisible elementor-widget elementor-widget-heading\" data-id=\"3b4f1a6\" data-element_type=\"widget\" data-settings=\"{&quot;_animation&quot;:&quot;fadeIn&quot;,&quot;_animation_delay&quot;:200}\" data-widget_type=\"heading.default\">\n\t\t\t\t<div class=\"elementor-widget-container\">\n\t\t\t<div class=\"elementor-heading-title elementor-size-default\"><a href=\"https:\/\/www.tourisme-seine-eure.com\/experiences\/pont-de-larche-medievale\/\" target=\"_blank\">A treasure trove for medieval enthusiasts<\/a><\/div>\t\t<\/div>\n\t\t\t\t<\/div>\n\t\t\t\t<div class=\"elementor-element elementor-element-d5fc42e animated-slow elementor-invisible elementor-widget elementor-widget-text-editor\" data-id=\"d5fc42e\" data-element_type=\"widget\" data-settings=\"{&quot;_animation&quot;:&quot;fadeIn&quot;,&quot;_animation_delay&quot;:300}\" data-widget_type=\"text-editor.default\">\n\t\t\t\t<div class=\"elementor-widget-container\">\n\t\t\t\t\t\t\t<p>La For\u00eat Monumentale est de retour. A partir du 29 juin 2024, elle investira la for\u00eat domaniale de Roumare, \u00e0 Canteleu, pr\u00e8s de Rouen. Le principe ? Un parcours pr\u00e8s de 4 kilom\u00e8tres en for\u00eat attend les promeneurs, le tout ponctu\u00e9 de 13 \u0153uvres monumentales int\u00e9gr\u00e9es au paysage. Un \u00e9v\u00e9nement qui laisse la part belle \u00e0 la nature et \u00e0 la cr\u00e9ation qu\u2019elle soit l\u2019\u0153uvre de plasticiens, de paysagistes, de designers ou encore d\u2019architectes.<\/p>\t\t\t\t\t\t<\/div>\n\t\t\t\t<\/div>\n\t\t\t\t<\/div>\n\t\t\t\t\t<\/div>\n\t\t\t\t<\/div>\n\t\t<div class=\"elementor-element elementor-element-7d773d8 animated-slow e-flex e-con-boxed elementor-invisible e-con e-parent\" data-id=\"7d773d8\" data-element_type=\"container\" data-settings=\"{&quot;animation&quot;:&quot;fadeIn&quot;,&quot;animation_delay&quot;:0}\">\n\t\t\t\t\t<div class=\"e-con-inner\">\n\t\t\t\t<div class=\"elementor-element elementor-element-7901768 elementor-widget__width-initial elementor-invisible elementor-widget elementor-widget-heading\" data-id=\"7901768\" data-element_type=\"widget\" data-settings=\"{&quot;_animation&quot;:&quot;fadeInUp&quot;}\" data-widget_type=\"heading.default\">\n\t\t\t\t<div class=\"elementor-widget-container\">\n\t\t\t<h2 class=\"elementor-heading-title elementor-size-default\">Our top destinations more than 30 minutes from La Tour en Seine<\/h2>\t\t<\/div>\n\t\t\t\t<\/div>\n\t\t\t\t\t<\/div>\n\t\t\t\t<\/div>\n\t\t<div class=\"elementor-element elementor-element-843d075 animated-slow e-flex e-con-boxed elementor-invisible e-con e-parent\" data-id=\"843d075\" data-element_type=\"container\" data-settings=\"{&quot;animation&quot;:&quot;fadeIn&quot;}\">\n\t\t\t\t\t<div class=\"e-con-inner\">\n\t\t<div class=\"elementor-element elementor-element-6191317 e-con-full e-flex elementor-invisible e-con e-child\" data-id=\"6191317\" data-element_type=\"container\" data-settings=\"{&quot;animation&quot;:&quot;fadeIn&quot;,&quot;animation_delay&quot;:100}\">\n\t\t\t\t<div class=\"elementor-element elementor-element-ad17649 animated-slow elementor-widget elementor-widget-heading\" data-id=\"ad17649\" data-element_type=\"widget\" data-settings=\"{&quot;_animation&quot;:&quot;none&quot;,&quot;_animation_delay&quot;:100}\" data-widget_type=\"heading.default\">\n\t\t\t\t<div class=\"elementor-widget-container\">\n\t\t\t<h2 class=\"elementor-heading-title elementor-size-default\">Les falaises d'Etretat<\/h2>\t\t<\/div>\n\t\t\t\t<\/div>\n\t\t\t\t<div class=\"elementor-element elementor-element-265287d elementor-invisible elementor-widget elementor-widget-heading\" data-id=\"265287d\" data-element_type=\"widget\" data-settings=\"{&quot;_animation&quot;:&quot;fadeIn&quot;,&quot;_animation_delay&quot;:200}\" data-widget_type=\"heading.default\">\n\t\t\t\t<div class=\"elementor-widget-container\">\n\t\t\t<div class=\"elementor-heading-title elementor-size-default\">A landscape unique in the world<\/div>\t\t<\/div>\n\t\t\t\t<\/div>\n\t\t\t\t<div class=\"elementor-element elementor-element-658c99d animated-slow elementor-invisible elementor-widget elementor-widget-text-editor\" data-id=\"658c99d\" data-element_type=\"widget\" data-settings=\"{&quot;_animation&quot;:&quot;fadeIn&quot;,&quot;_animation_delay&quot;:300}\" data-widget_type=\"text-editor.default\">\n\t\t\t\t<div class=\"elementor-widget-container\">\n\t\t\t\t\t\t\t<p>\u00c9tretat has inspired some of the world&#8217;s most famous artists, including Claude Monet. A few moments on the spot is enough to understand why&#8230; The singular shape of its cliffs invites the imagination. To get the most out of nature and this picture-postcard setting, we advise you to visit out of season or at the \u2018right\u2019 times of day.<\/p>\t\t\t\t\t\t<\/div>\n\t\t\t\t<\/div>\n\t\t\t\t<\/div>\n\t\t<div class=\"elementor-element elementor-element-58f3183 e-con-full elementor-hidden-tablet elementor-hidden-mobile e-flex e-con e-child\" data-id=\"58f3183\" data-element_type=\"container\">\n\t\t\t\t<\/div>\n\t\t<div class=\"elementor-element elementor-element-2566f43 e-con-full e-flex e-con e-child\" data-id=\"2566f43\" data-element_type=\"container\">\n\t\t\t\t<div class=\"elementor-element elementor-element-ba78318 animated-slow elementor-invisible elementor-widget elementor-widget-image\" data-id=\"ba78318\" data-element_type=\"widget\" data-settings=\"{&quot;_animation&quot;:&quot;fadeIn&quot;,&quot;_animation_delay&quot;:400}\" data-widget_type=\"image.default\">\n\t\t\t\t<div class=\"elementor-widget-container\">\n\t\t\t\t\t\t\t\t\t\t\t\t\t<img loading=\"lazy\" decoding=\"async\" width=\"1000\" height=\"666\" src=\"https:\/\/www.latourenseine.fr\/wp-content\/uploads\/2023\/12\/etretat.jpeg\" class=\"attachment-full size-full wp-image-16828\" alt=\"\" srcset=\"https:\/\/www.latourenseine.fr\/wp-content\/uploads\/2023\/12\/etretat.jpeg 1000w, https:\/\/www.latourenseine.fr\/wp-content\/uploads\/2023\/12\/etretat-768x511.jpeg 768w, https:\/\/www.latourenseine.fr\/wp-content\/uploads\/2023\/12\/etretat-18x12.jpeg 18w, https:\/\/www.latourenseine.fr\/wp-content\/uploads\/2023\/12\/elementor\/thumbs\/etretat-600x400.jpeg 600w\" sizes=\"(max-width: 1000px) 100vw, 1000px\" \/>\t\t\t\t\t\t\t\t\t\t\t\t\t<\/div>\n\t\t\t\t<\/div>\n\t\t\t\t<\/div>\n\t\t\t\t\t<\/div>\n\t\t\t\t<\/div>\n\t\t<div class=\"elementor-element elementor-element-d194dc7 e-flex e-con-boxed e-con e-parent\" data-id=\"d194dc7\" data-element_type=\"container\">\n\t\t\t\t\t<div class=\"e-con-inner\">\n\t\t\t\t<div class=\"elementor-element elementor-element-87c1440 elementor-widget-divider--view-line elementor-widget elementor-widget-divider\" data-id=\"87c1440\" data-element_type=\"widget\" data-widget_type=\"divider.default\">\n\t\t\t\t<div class=\"elementor-widget-container\">\n\t\t\t\t\t<div class=\"elementor-divider\">\n\t\t\t<span class=\"elementor-divider-separator\">\n\t\t\t\t\t\t<\/span>\n\t\t<\/div>\n\t\t\t\t<\/div>\n\t\t\t\t<\/div>\n\t\t\t\t\t<\/div>\n\t\t\t\t<\/div>\n\t\t<div class=\"elementor-element elementor-element-e5738f7 e-flex e-con-boxed e-con e-parent\" data-id=\"e5738f7\" data-element_type=\"container\">\n\t\t\t\t\t<div class=\"e-con-inner\">\n\t\t<div class=\"elementor-element elementor-element-b95a33e e-con-full animated-slow e-flex elementor-invisible e-con e-child\" data-id=\"b95a33e\" data-element_type=\"container\" data-settings=\"{&quot;animation&quot;:&quot;fadeIn&quot;}\">\n\t\t\t\t<div class=\"elementor-element elementor-element-240dd8f animated-slow elementor-invisible elementor-widget elementor-widget-image\" data-id=\"240dd8f\" data-element_type=\"widget\" data-settings=\"{&quot;_animation&quot;:&quot;fadeIn&quot;}\" data-widget_type=\"image.default\">\n\t\t\t\t<div class=\"elementor-widget-container\">\n\t\t\t\t\t\t\t\t\t\t\t\t\t<img loading=\"lazy\" decoding=\"async\" width=\"748\" height=\"500\" src=\"https:\/\/www.latourenseine.fr\/wp-content\/uploads\/2023\/12\/Veules.jpg\" class=\"attachment-full size-full wp-image-16827\" alt=\"\" srcset=\"https:\/\/www.latourenseine.fr\/wp-content\/uploads\/2023\/12\/Veules.jpg 748w, https:\/\/www.latourenseine.fr\/wp-content\/uploads\/2023\/12\/Veules-768x513.jpg 768w, https:\/\/www.latourenseine.fr\/wp-content\/uploads\/2023\/12\/Veules-18x12.jpg 18w, https:\/\/www.latourenseine.fr\/wp-content\/uploads\/2023\/12\/elementor\/thumbs\/Veules-600x400.jpg 600w\" sizes=\"(max-width: 748px) 100vw, 748px\" \/>\t\t\t\t\t\t\t\t\t\t\t\t\t<\/div>\n\t\t\t\t<\/div>\n\t\t\t\t<\/div>\n\t\t<div class=\"elementor-element elementor-element-9458fa1 e-con-full elementor-hidden-tablet elementor-hidden-mobile e-flex e-con e-child\" data-id=\"9458fa1\" data-element_type=\"container\">\n\t\t\t\t<\/div>\n\t\t<div class=\"elementor-element elementor-element-225dcb2 e-con-full animated-slow e-flex elementor-invisible e-con e-child\" data-id=\"225dcb2\" data-element_type=\"container\" data-settings=\"{&quot;animation&quot;:&quot;fadeIn&quot;,&quot;animation_delay&quot;:100}\">\n\t\t\t\t<div class=\"elementor-element elementor-element-a9a4723 animated-slow elementor-invisible elementor-widget elementor-widget-heading\" data-id=\"a9a4723\" data-element_type=\"widget\" data-settings=\"{&quot;_animation&quot;:&quot;fadeIn&quot;,&quot;_animation_delay&quot;:100}\" data-widget_type=\"heading.default\">\n\t\t\t\t<div class=\"elementor-widget-container\">\n\t\t\t<h2 class=\"elementor-heading-title elementor-size-default\">Veules-les-Roses<\/h2>\t\t<\/div>\n\t\t\t\t<\/div>\n\t\t\t\t<div class=\"elementor-element elementor-element-932b283 animated-slow elementor-invisible elementor-widget elementor-widget-heading\" data-id=\"932b283\" data-element_type=\"widget\" data-settings=\"{&quot;_animation&quot;:&quot;fadeIn&quot;,&quot;_animation_delay&quot;:200}\" data-widget_type=\"heading.default\">\n\t\t\t\t<div class=\"elementor-widget-container\">\n\t\t\t<div class=\"elementor-heading-title elementor-size-default\"><a href=\"https:\/\/www.tourisme-seine-eure.com\/experiences\/pont-de-larche-medievale\/\" target=\"_blank\">The seafront at Veules les Roses<\/a><\/div>\t\t<\/div>\n\t\t\t\t<\/div>\n\t\t\t\t<div class=\"elementor-element elementor-element-c109f5f animated-slow elementor-invisible elementor-widget elementor-widget-text-editor\" data-id=\"c109f5f\" data-element_type=\"widget\" data-settings=\"{&quot;_animation&quot;:&quot;fadeIn&quot;,&quot;_animation_delay&quot;:300}\" data-widget_type=\"text-editor.default\">\n\t\t\t\t<div class=\"elementor-widget-container\">\n\t\t\t\t\t\t\t<p>Let yourself be seduced by one of France&#8217;s most beautiful villages, and follow the banks of France&#8217;s smallest river, the Veules, lined with beautiful half-timbered houses and mills. On the seafront, you won&#8217;t be able to resist tasting a dozen Veulaises, oysters grown in the open sea.<\/p>\t\t\t\t\t\t<\/div>\n\t\t\t\t<\/div>\n\t\t\t\t<\/div>\n\t\t\t\t\t<\/div>\n\t\t\t\t<\/div>\n\t\t\t\t<\/div>",
        "protected": false
    },
    "excerpt": {
        "rendered": "<p>Tourism Our top destinations less than 30 minutes from La Tour en Seine ROUEN A walk through Rouen&#8217;s historic center You don\u2019t need to have a license to visit Rouen! Its historic city center, mostly pedestrian, can very easily be walked without a car. Stroll from theplace du Vieux-March\u00e9 to the quartier des Antiquaires, via [&hellip;]<\/p>",
        "protected": false
    },
    "author": 1,
    "featured_media": 0,
    "parent": 0,
    "menu_order": 0,
    "comment_status": "closed",
    "ping_status": "closed",
    "template": "template-blank.php",
    "meta": {
        "footnotes": ""
    },
    "class_list": [
        "post-15445",
        "page",
        "type-page",
        "status-publish",
        "has-post-thumbnail",
        "hentry"
    ],
    "_links": {
        "self": [
            {
                "href": "http:\/\/www.latourenseine.fr\/en\/wp-json\/wp\/v2\/pages\/15445",
                "targetHints": {
                    "allow": [
                        "GET"
                    ]
                }
            }
        ],
        "collection": [
            {
                "href": "http:\/\/www.latourenseine.fr\/en\/wp-json\/wp\/v2\/pages"
            }
        ],
        "about": [
            {
                "href": "http:\/\/www.latourenseine.fr\/en\/wp-json\/wp\/v2\/types\/page"
            }
        ],
        "author": [
            {
                "embeddable": true,
                "href": "http:\/\/www.latourenseine.fr\/en\/wp-json\/wp\/v2\/users\/1"
            }
        ],
        "replies": [
            {
                "embeddable": true,
                "href": "http:\/\/www.latourenseine.fr\/en\/wp-json\/wp\/v2\/comments?post=15445"
            }
        ],
        "version-history": [
            {
                "count": 168,
                "href": "http:\/\/www.latourenseine.fr\/en\/wp-json\/wp\/v2\/pages\/15445\/revisions"
            }
        ],
        "predecessor-version": [
            {
                "id": 17819,
                "href": "http:\/\/www.latourenseine.fr\/en\/wp-json\/wp\/v2\/pages\/15445\/revisions\/17819"
            }
        ],
        "wp:attachment": [
            {
                "href": "http:\/\/www.latourenseine.fr\/en\/wp-json\/wp\/v2\/media?parent=15445"
            }
        ],
        "curies": [
            {
                "name": "wp",
                "href": "https:\/\/api.w.org\/{rel}",
                "templated": true
            }
        ]
    }
}